{"id":46,"date":"2026-09-01T22:50:41","date_gmt":"2026-09-01T20:50:41","guid":{"rendered":"https:\/\/amvdesign.me\/terasa-kao-produzetak-doma-mediteranska-klima\/"},"modified":"2026-09-04T05:49:34","modified_gmt":"2026-09-04T03:49:34","slug":"terasa-kao-produzetak-doma-mediteranska-klima","status":"publish","type":"post","link":"https:\/\/amvdesign.me\/en\/terasa-kao-produzetak-doma-mediteranska-klima\/","title":{"rendered":"The terrace as an extension of the home: planning for a Mediterranean climate"},"content":{"rendered":"<p>Terasa se \u010desto projektuje na kraju, kada su polo\u017eaj vrata, visine podova i instalacije ve\u0107 zaklju\u010dani. Tada se od nje o\u010dekuje da bude ljetnja dnevna soba, trpezarija, kuhinja i zona odmora \u2014 ali bez adekvatne sjenke, za\u0161tite od vjetra ili mjesta za odlaganje.<\/p>\n<p>U Crnoj Gori isti princip ne mo\u017ee jednako da se primijeni na obali, u centralnom dijelu i na sjeveru. Sunce, udari vjetra, so u vazduhu, intenzitet padavina i zimske temperature direktno uti\u010du na konstrukciju, materijale i period kori\u0161\u0107enja.<\/p>\n<h2>Prvo defini\u0161ite na\u010din kori\u0161\u0107enja<\/h2>\n<p>Da li je terasa prvenstveno mjesto za jutarnju kafu, ru\u010dak za \u0161est osoba, ve\u010dernje okupljanje ili tiha zona uz spava\u0107u sobu? Svaka namjena tra\u017ei druga\u010diju dubinu, vezu sa enterijerom i nivo privatnosti. Bolje je kvalitetno rije\u0161iti dvije glavne funkcije nego smjestiti pet zona koje se me\u0111usobno blokiraju.<\/p>\n<p>Trpezarija treba prakti\u010dnu vezu sa kuhinjom. Lounge zona mo\u017ee biti dalje od prolaza i imati bolji pogled. Ako se planira ro\u0161tilj ili outdoor kuhinja, dim, vjetar, voda i servisni pristup moraju se rije\u0161iti prije izbora obloge.<\/p>\n<h2>Sjenka je arhitektonski element<\/h2>\n<p>Suncobran mo\u017ee biti dopuna, ali rijetko rje\u0161ava cijelu terasu. Pergola, nadstre\u0161nica, pokretne lamele ili duboki balkon iznad nje treba da odgovore na putanju sunca, ne samo na geometriju fasade. Jutarnje i nisko zapadno sunce tra\u017ee druga\u010diju za\u0161titu od visokog podnevnog sunca.<\/p>\n<p>Pokretno sjen\u010denje daje fleksibilnost, ali zahtijeva kvalitetan mehanizam, odvodnju i poziciju na kojoj ga vjetar ne\u0107e pretvoriti u problem. Fiksna konstrukcija je pouzdanija, ali mo\u017ee oduzeti previ\u0161e zimskog svjetla ako nije pravilno dimenzionisana.<\/p>\n<h2>Kontinuitet poda ne zna\u010di isti materijal bez prekida<\/h2>\n<p>Vizuelna veza enterijera i terase je po\u017eeljna, ali spolja\u0161nja povr\u0161ina mora odgovarati vodi, UV zra\u010denju, temperaturnim promjenama i klizanju. Ponekad se biraju dvije tehni\u010dki razli\u010dite obloge iz iste tonske porodice. Tako se zadr\u017eava kontinuitet bez kompromisa u performansama.<\/p>\n<p>Prag, padovi i slivnici treba da se rje\u0161avaju u presjeku. Gotovo neprimjetan prijelaz mo\u017ee biti odli\u010dan, ali samo uz dobro planiranu hidroizolaciju i odvodnju. Voda uvijek mora imati jasan put dalje od enterijera.<\/p>\n<h2>Materijal mora ostariti dostojanstveno<\/h2>\n<p>Na primorju metalni elementi i okovi tra\u017ee ve\u0107u otpornost na koroziju. Drvo zahtijeva odr\u017eavanje i pravilnu ventilaciju sa zadnje strane. Kamen treba birati prema poroznosti, zavr\u0161noj obradi i pona\u0161anju pri smrzavanju ako se koristi u hladnijim podru\u010djima.<\/p>\n<p>Najbolji spolja\u0161nji materijal nije onaj koji izgleda besprijekorno prvog dana, ve\u0107 onaj \u010dije se odr\u017eavanje uklapa u na\u010din \u017eivota vlasnika. Prije odluke pitajte ko, koliko \u010desto i \u010dime odr\u017eava svaku povr\u0161inu.<\/p>\n<h2>Vjetar i privatnost oblikuju raspored<\/h2>\n<p>Puni zid mo\u017ee za\u0161tititi jednu zonu, ali stvoriti turbulenciju na drugom mjestu. Perforirana ili vegetacijska za\u0161tita ponekad smiruje vjetar bolje od potpune barijere. Staklo \u010duva pogled, ali tra\u017ei odr\u017eavanje i precizno dimenzionisanu konstrukciju.<\/p>\n<p>Privatnost ne mora zna\u010diti zatvaranje. Pomjereni paravan, drvena re\u0161etka, \u017eardinjera ili promjena nivoa mogu prekinuti direktan pogled, a sa\u010duvati svjetlo i osje\u0107aj otvorenosti.<\/p>\n<h2>Rasvjeta treba da poka\u017ee put, lice i teksturu<\/h2>\n<p>Za ve\u010dernje kori\u0161\u0107enje potrebna su najmanje tri zadatka: sigurno kretanje, dovoljno svjetla na stolu ili radnoj plo\u010di i mek\u0161a atmosfera za odmor. Jako plafonsko svjetlo samo po sebi \u010desto pravi odsjaj i bri\u0161e dubinu prostora.<\/p>\n<p>Diskretno osvijetljene stepenice, zidna rasvjeta i nekoliko pa\u017eljivo usmjerenih akcenata na zelenilu daju mnogo prijatniji rezultat. Spolja\u0161nja tijela i priklju\u010dci moraju biti odabrani i ugra\u0111eni za uslove kojima su izlo\u017eeni.<\/p>\n<h2>Zelenilo nije posljednja dekoracija<\/h2>\n<p>Biljke uti\u010du na sjenku, privatnost, miris, vjetar i temperaturu povr\u0161ina. Njihov izbor zavisi od osun\u010danosti, izlo\u017eenosti soli i mogu\u0107nosti navodnjavanja. \u017dardinjere moraju imati dovoljno zemlje, drena\u017eu i pristup za odr\u017eavanje.<\/p>\n<p>Aktuelno <a href=\"https:\/\/www.houzz.com\/magazine\/2026-u-s-houzz-outdoor-trends-study-stsetivw-vs~185306879\" target=\"_blank\" rel=\"noopener\">Houzz istra\u017eivanje outdoor prostora za 2026.<\/a> pokazuje da se terase i dvori\u0161ta sve vi\u0161e planiraju kao stvarne zone svakodnevnog boravka. I <a href=\"https:\/\/hdts.aia.org\/2025\/reports\/2025-q2\/2025-Q2-Home-Design-Trends-Survey.pdf\" target=\"_blank\" rel=\"noopener\">AIA istra\u017eivanje stambenog dizajna<\/a> bilje\u017ei trajno interesovanje za spoj unutra\u0161njih i spolja\u0161njih prostora.<\/p>\n<h2>Kontrolna lista prije izvo\u0111enja<\/h2>\n<ul>\n<li>glavna namjena i broj korisnika;<\/li>\n<li>sunce i sjenka u razli\u010ditim djelovima dana;<\/li>\n<li>dominantni pravac vjetra i potrebna privatnost;<\/li>\n<li>padovi, slivnici, pragovi i hidroizolacija;<\/li>\n<li>pozicije vode, struje i eventualne outdoor kuhinje;<\/li>\n<li>otpornost materijala i realan plan odr\u017eavanja;<\/li>\n<li>rasvjeta za kretanje, rad i atmosferu;<\/li>\n<li>odlaganje jastuka, opreme i pribora van sezone.<\/li>\n<\/ul>\n<p>Terasa daje najbolji rezultat kada se razvija zajedno sa ku\u0107om ili enterijerom. Za arhitektonsko rje\u0161enje pogledajte <a href=\"https:\/\/amvdesign.me\/en\/arhitektonsko-projektovanje-crna-gora\/\">arhitektonsko projektovanje<\/a>, a dokumentaciju i fotografije lokacije mo\u017eete poslati kroz <a href=\"https:\/\/amvdesign.me\/en\/zatrazite-ponudu\/\">Request a quote<\/a>.<\/p>","protected":false},"excerpt":{"rendered":"<p>Shade, wind, drainage, materials and lighting determine whether a terrace is merely a beautiful backdrop or a space that is genuinely used.<\/p>","protected":false},"author":1,"featured_media":0,"comment_status":"open","ping_status":"open","sticky":false,"template":"","format":"standard","meta":{"footnotes":""},"categories":[2],"tags":[],"class_list":["post-46","post","type-post","status-publish","format-standard","hentry","category-ideje-i-savjeti"],"_links":{"self":[{"href":"https:\/\/amvdesign.me\/en\/wp-json\/wp\/v2\/posts\/46","targetHints":{"allow":["GET"]}}],"collection":[{"href":"https:\/\/amvdesign.me\/en\/wp-json\/wp\/v2\/posts"}],"about":[{"href":"https:\/\/amvdesign.me\/en\/wp-json\/wp\/v2\/types\/post"}],"author":[{"embeddable":true,"href":"https:\/\/amvdesign.me\/en\/wp-json\/wp\/v2\/users\/1"}],"replies":[{"embeddable":true,"href":"https:\/\/amvdesign.me\/en\/wp-json\/wp\/v2\/comments?post=46"}],"version-history":[{"count":1,"href":"https:\/\/amvdesign.me\/en\/wp-json\/wp\/v2\/posts\/46\/revisions"}],"predecessor-version":[{"id":98,"href":"https:\/\/amvdesign.me\/en\/wp-json\/wp\/v2\/posts\/46\/revisions\/98"}],"wp:attachment":[{"href":"https:\/\/amvdesign.me\/en\/wp-json\/wp\/v2\/media?parent=46"}],"wp:term":[{"taxonomy":"category","embeddable":true,"href":"https:\/\/amvdesign.me\/en\/wp-json\/wp\/v2\/categories?post=46"},{"taxonomy":"post_tag","embeddable":true,"href":"https:\/\/amvdesign.me\/en\/wp-json\/wp\/v2\/tags?post=46"}],"curies":[{"name":"wp","href":"https:\/\/api.w.org\/{rel}","templated":true}]}}